[{"@context":"https:\/\/schema.org\/","@type":"Article","@id":"https:\/\/www.rodetti.sk\/sperk-z-ametystu\/#Article","mainEntityOfPage":"https:\/\/www.rodetti.sk\/sperk-z-ametystu\/","headline":"\u0160perk z ametystu","name":"\u0160perk z ametystu","description":"V\u0161eobecne patria lie\u010div\u00e9 kamene k v\u00fdrazn\u00fdm prvkom, ktor\u00fdm sa m\u00f4\u017eete uzdravi\u0165. Maj\u00fa v sebe ukryt\u00fa energiu, ktor\u00e1 v\u00e1s dop\u013a\u0148a. S\u00fa rozdelen\u00e9 aj pod\u013ea znamen\u00ed vo zverokruhu. Av\u0161ak ja by som uprednostnila pr\u00e1ve ametyst kamen https:\/\/www.svet-mineralov.sk\/kategoria-produktu\/drahe-kamene\/. Ametyst je ve\u013emi vz\u00e1cnym kame\u0148om. Vz\u00e1cne kamene sa pou\u017e\u00edvaj\u00fa v r\u00f4znych produktoch pre \u017eeny \u010di pre mu\u017eov. Av\u0161ak ve\u013emi ich [&hellip;]","datePublished":"2024-07-08","dateModified":"2024-07-08","author":{"@type":"Person","@id":"https:\/\/www.rodetti.sk\/author\/#Person","name":"","url":"https:\/\/www.rodetti.sk\/author\/","identifier":1,"image":{"@type":"ImageObject","@id":"https:\/\/secure.gravatar.com\/avatar\/614460c3109f6ef46730ae87c5e2be623f574940fabcec1214dc0d8d5af688cf?s=96&d=mm&r=g","url":"https:\/\/secure.gravatar.com\/avatar\/614460c3109f6ef46730ae87c5e2be623f574940fabcec1214dc0d8d5af688cf?s=96&d=mm&r=g","height":96,"width":96}},"publisher":{"@type":"Organization","name":"rodetti.sk","logo":{"@type":"ImageObject","@id":"\/logo.png","url":"\/logo.png","width":600,"height":60}},"image":{"@type":"ImageObject","@id":"https:\/\/www.rodetti.sk\/wp-content\/uploads\/gems-4423280_640_1.jpg","url":"https:\/\/www.rodetti.sk\/wp-content\/uploads\/gems-4423280_640_1.jpg","height":0,"width":0},"url":"https:\/\/www.rodetti.sk\/sperk-z-ametystu\/","about":["Auto moto"],"wordCount":451,"articleBody":"      V\u0161eobecne patria lie\u010div\u00e9 kamene k v\u00fdrazn\u00fdm prvkom, ktor\u00fdm sa m\u00f4\u017eete uzdravi\u0165. Maj\u00fa v sebe ukryt\u00fa energiu, ktor\u00e1 v\u00e1s dop\u013a\u0148a. S\u00fa rozdelen\u00e9 aj pod\u013ea znamen\u00ed vo zverokruhu. Av\u0161ak ja by som uprednostnila pr\u00e1ve ametyst kamen https:\/\/www.svet-mineralov.sk\/kategoria-produktu\/drahe-kamene\/. Ametyst je ve\u013emi vz\u00e1cnym kame\u0148om. Vz\u00e1cne kamene sa pou\u017e\u00edvaj\u00fa v r\u00f4znych produktoch pre \u017eeny \u010di pre mu\u017eov. Av\u0161ak ve\u013emi ich ob\u013eubuj\u00fa \u017eeny ako r\u00f4zne doplnky k svojmu oble\u010deniu. Viete nosi\u0165 n\u00e1dhern\u00fd n\u00e1hrdeln\u00edk so svojim najkraj\u0161\u00edm kame\u0148om, ktor\u00fdm je pr\u00e1ve ametyst. Ametyst m\u00e1 r\u00e1d ka\u017ed\u00e1 \u017eena, preto\u017ee je to n\u00e1dhern\u00fd vz\u00e1cny kame\u0148, ktor\u00fd sa pred\u00e1va v r\u00f4znych farebn\u00fdch odtie\u0148och. Ametyst sa na slnku leskne, \u010do dod\u00e1va  https:\/\/spravy.pravda.sk\/svet\/clanok\/445058-rusko-udajne-dodava-mesacne-talibanu-palivo-za-2-5-miliona-dolarov\/ vz\u00e1cnosti e\u0161te v\u00e4\u010d\u0161\u00ed charakter a zmysel.Ak si mysl\u00edte, \u017ee tak\u00e9to kamene s\u00fa zbyto\u010dn\u00e9 alebo len lapa\u010dmi prachu, m\u00fdlite sa. Ur\u010dite maj\u00fa v sebe ukryt\u00fa silu, ktor\u00e1 v\u00e1m pom\u00f4\u017ee prekona\u0165 r\u00f4zne probl\u00e9my, \u010di u\u017e zdravotn\u00e9 alebo tie s\u00fakromn\u00e9. Ametyst v\u00e1s m\u00f4\u017ee ochr\u00e1ni\u0165. Mnoho \u013eud\u00ed nos\u00ed pr\u00e1ve kamene na krku vo forme n\u00e1hrdeln\u00edkov. N\u00e1hrdeln\u00edky s\u00fa efektn\u00fdm doplnkom k mnoh\u00fdm k\u00faskom oble\u010denia. Ak nos\u00edte na krku kame\u0148, ochra\u0148uje v\u00e1s a dod\u00e1va v\u00e1m potrebn\u00fa energiu. N\u00e1hrdeln\u00edky zo vz\u00e1cnych kame\u0148ov si viete zak\u00fapi\u0165 v r\u00f4znych obchodoch alebo aj na tradi\u010dn\u00fdch jarmokoch. U\u017e ste videli st\u00e1nok, kde pred\u00e1vaj\u00fa r\u00f4zne \u0161perky zo vz\u00e1cnych kame\u0148ov? S\u00fa v podobe n\u00e1hrdeln\u00edkov, n\u00e1ramkov, \u010di aj n\u00e1u\u0161n\u00edc. Viete ich nosi\u0165 kedyko\u013evek a na r\u00f4zne pr\u00edle\u017eitosti.Tieto vz\u00e1cne kamene, ktor\u00fdm je aj ametyst, s\u00fa v r\u00f4znych n\u00e1dhern\u00fdch farebn\u00fdch kombin\u00e1ci\u00e1ch. Dop\u013a\u0148aj\u00fa v\u00e1\u0161 outfit a hodia sa k ak\u00e9muko\u013evek \u0161t\u00fdlu obliekania. Mnoho tak\u00fdchto \u0161perkov nosia teenagerky, ale hod\u00ed sa aj pre dospel\u00e9 \u017eeny. Ak niekoho chcete obdarova\u0165, mali by ste siahnu\u0165 ur\u010dite po r\u00f4znych \u0161perkoch so vz\u00e1cnymi kame\u0148mi. Tak\u00fdto dar\u010dek pote\u0161\u00ed ka\u017ed\u00fa jednu \u017eenu. Mu\u017ei radi obdar\u00fav\u00e1vaj\u00fa svoje man\u017eelky alebo partnerky. Aj vy tej svojej darujte z l\u00e1sky n\u00e1hrdeln\u00edk alebo n\u00e1ramok so vz\u00e1cnym ametystom, \u010di aj s in\u00fdm vz\u00e1cnym kame\u0148om. Vytvorte svojej partnerke obrovsk\u00fa rados\u0165 a venujte jej \u0161perk, ktor\u00fd m\u00f4\u017ee nosi\u0165 ka\u017ed\u00fd de\u0148.                                                                                                                                                                                                                                                                                                                                                                                                  "},{"@context":"https:\/\/schema.org\/","@type":"BreadcrumbList","itemListElement":[{"@type":"ListItem","position":1,"name":"\u0160perk z ametystu","item":"https:\/\/www.rodetti.sk\/sperk-z-ametystu\/#breadcrumbitem"}]}]