[{"@context":"https:\/\/schema.org\/","@type":"Article","@id":"https:\/\/www.rodetti.sk\/mobilny-obytny-domcek\/#Article","mainEntityOfPage":"https:\/\/www.rodetti.sk\/mobilny-obytny-domcek\/","headline":"Mobiln\u00fd obytn\u00fd dom\u010dek","name":"Mobiln\u00fd obytn\u00fd dom\u010dek","description":"Mnoho \u013eud\u00ed, ktor\u00ed \u017eij\u00fa vo ve\u013ek\u00fdch ru\u0161n\u00fdch mest\u00e1ch sn\u00edva o tom, \u017ee raz za \u010das z tohto neut\u00edchaj\u00faceho ruchu vypadn\u00fa na vidiek, kde si u\u017eij\u00fa pokoj a pr\u00edrodu. Niektor\u00ed \u013eudia maj\u00fa na tento \u00fa\u010del svoje v\u00edkendov\u00e9 domy alebo chaty so z\u00e1hradkami, kde z\u00e1rove\u0148 pestuj\u00fa ovocie a zeleninu, na ktor\u00fa v meste na balk\u00f3ne nemaj\u00fa priestor. [&hellip;]","datePublished":"2022-08-26","dateModified":"2022-08-26","author":{"@type":"Person","@id":"https:\/\/www.rodetti.sk\/author\/#Person","name":"","url":"https:\/\/www.rodetti.sk\/author\/","identifier":1,"image":{"@type":"ImageObject","@id":"https:\/\/secure.gravatar.com\/avatar\/614460c3109f6ef46730ae87c5e2be623f574940fabcec1214dc0d8d5af688cf?s=96&d=mm&r=g","url":"https:\/\/secure.gravatar.com\/avatar\/614460c3109f6ef46730ae87c5e2be623f574940fabcec1214dc0d8d5af688cf?s=96&d=mm&r=g","height":96,"width":96}},"publisher":{"@type":"Organization","name":"rodetti.sk","logo":{"@type":"ImageObject","@id":"\/logo.png","url":"\/logo.png","width":600,"height":60}},"image":{"@type":"ImageObject","@id":"https:\/\/www.rodetti.sk\/wp-content\/uploads\/sadenie%20zeleniny.jpg","url":"https:\/\/www.rodetti.sk\/wp-content\/uploads\/sadenie%20zeleniny.jpg","height":0,"width":0},"url":"https:\/\/www.rodetti.sk\/mobilny-obytny-domcek\/","wordCount":462,"articleBody":"   Mnoho \u013eud\u00ed, ktor\u00ed \u017eij\u00fa vo ve\u013ek\u00fdch ru\u0161n\u00fdch mest\u00e1ch sn\u00edva o tom, \u017ee raz za \u010das z tohto neut\u00edchaj\u00faceho ruchu vypadn\u00fa na vidiek, kde si u\u017eij\u00fa pokoj a pr\u00edrodu. Niektor\u00ed \u013eudia maj\u00fa na tento \u00fa\u010del svoje v\u00edkendov\u00e9 domy alebo chaty so z\u00e1hradkami, kde z\u00e1rove\u0148 pestuj\u00fa ovocie a zeleninu, na ktor\u00fa v meste na balk\u00f3ne nemaj\u00fa priestor. S neust\u00e1le sa zvy\u0161uj\u00faci cenami nehnute\u013enost\u00ed je v\u0161ak dnes u\u017e aj vidiecky dom\u010dek \u010di dreven\u00fa chatu k\u00fapi\u0165 za prijate\u013en\u00fa cenu celkom probl\u00e9m. Nie ka\u017ed\u00fd si toti\u017e to m\u00f4\u017ee dovoli\u0165 tak\u00fato drah\u00fa k\u00fapu a ani zobra\u0165 si p\u00f4\u017ei\u010dku. Pokia\u013e, ale h\u013ead\u00e1te cenovo dostupn\u00e9 rie\u0161enie oh\u013eadom toho, kde by ste mohli tr\u00e1vi\u0165 v\u00edkendov\u00e9 pobyty mimo mesta, namiesto k\u00fapy drahej chaty si m\u00f4\u017eete k\u00fapi\u0165 dostupnej\u0161\u00ed mobiln\u00fd obytn\u00fd dom\u010dek. Mnoh\u00e9 tak\u00e9to dom\u010deky sa dnes pred\u00e1vaj\u00fa aj plno vybaven\u00e9, tak\u017ee v nich n\u00e1jdete kompletne v\u0161etko, \u010do je k nieko\u013ekod\u0148ov\u00e9mu pobytu nevyhnutn\u00e9. Navy\u0161e v\u00fdhodou je, \u017ee nemus\u00edte \u010daka\u0165 dlh\u00e9 mesiace, k\u00fdm sa tak\u00fdto dom\u010dek postav\u00ed, preto\u017ee mnoh\u00e9 sa pred\u00e1vaj\u00fa u\u017e zhotoven\u00e9. Aj v pr\u00edpade, ak vybran\u00fd mobiln\u00fd dom e\u0161te nie je zhotoven\u00fd, jeho v\u00fdroba trv\u00e1 zv\u00e4\u010d\u0161a iba p\u00e1r dn\u00ed, resp. p\u00e1r t\u00fd\u017ed\u0148ov. Taktie\u017e sa nemus\u00edte tr\u00e1pi\u0165 ani t\u00fdm, ak\u00fdm sp\u00f4sobom ho na vybran\u00fa adresu doprav\u00edte, preto\u017ee v\u00e4\u010d\u0161ina predajcov mobiln\u00fdch obydl\u00ed zabezpe\u010duje rovnako aj ich dovoz. Pre be\u017en\u00fa rodinu s de\u0165mi v\u00e1m posta\u010d\u00ed napr\u00edklad model mobiln\u00e9ho domu Ascot TW 77 EuroMobiln\u00e9 domy, ktor\u00fd je ide\u00e1lne ve\u013ek\u00fd pre minim\u00e1lne \u0161tyroch \u013eud\u00ed. Vo vn\u00fatri tohto dom\u010deku sa nach\u00e1dzaj\u00fa dve oddelen\u00e9 sp\u00e1lne, tak\u017ee s\u00fakromie bud\u00fa ma\u0165 rodi\u010dia a taktie\u017e aj deti. Ob\u00fdvacia \u010das\u0165 s ve\u013ekou seda\u010dkou zase skvele posl\u00fa\u017ei ako noc\u013eah pre pr\u00edpadn\u00fdch n\u00e1v\u0161tevn\u00edkov alebo ostatn\u00fdch \u010dlenov rodiny. Kuchynsk\u00fd k\u00fatik zah\u0155\u0148a miesto s jed\u00e1lensk\u00fdm stolom a stoli\u010dkami a kuchynsk\u00fa linku, ktorej s\u00fa\u010das\u0165ou je i drez na um\u00fdvanie riadov, plynov\u00fd vari\u010d a priestor pre chladni\u010dku. Soci\u00e1lne zariadenie je rozdelen\u00e9 na dve \u010dasti, pri\u010dom v jednej je toaleta a druh\u00e1 obsahuje sprchovac\u00ed k\u00fat s um\u00fdvadlom. V pr\u00edpade potreby odlo\u017eenia n\u00e1hradnej poste\u013enej bielizne, oble\u010denia alebo z\u00e1sob potrav\u00edn a in\u00fdch vec\u00ed je v celom dom\u010deku k dispoz\u00edci\u00ed taktie\u017e aj nieko\u013eko skr\u00ed\u0148 a in\u00fdch \u00falo\u017en\u00fdch priestorov.                                                                                                                                                                                                                                                                                                                                                                                                  "},{"@context":"https:\/\/schema.org\/","@type":"BreadcrumbList","itemListElement":[{"@type":"ListItem","position":1,"name":"Mobiln\u00fd obytn\u00fd dom\u010dek","item":"https:\/\/www.rodetti.sk\/mobilny-obytny-domcek\/#breadcrumbitem"}]}]